{"id":29808,"date":"2026-08-29T14:31:19","date_gmt":"2026-08-29T14:31:19","guid":{"rendered":"https:\/\/costasur.com.do\/?p=29808"},"modified":"2026-08-29T14:35:50","modified_gmt":"2026-08-29T14:35:50","slug":"costasur-news-boletin-administrativo-agosto-2026","status":"publish","type":"post","link":"https:\/\/costasur.com.do\/en\/costasur-news-boletin-administrativo-agosto-2026\/","title":{"rendered":"Costasur News Agosto 2026"},"content":{"rendered":"<p class=\"wp-block-paragraph\">We are sharing the following information of interest for the Costasur Community, and the upcoming events for September.<\/p>\n\n\n\n<p class=\"wp-block-paragraph\"><strong>Descubra la belleza de los flamboyanes<\/strong><\/p>\n\n\n\n<figure class=\"wp-block-image size-large\"><img fetchpriority=\"high\" decoding=\"async\" width=\"1024\" height=\"683\" src=\"https:\/\/costasur.com.do\/wp-content\/uploads\/2026\/08\/flamboyanes-cdc-1024x683.jpg\" alt=\"\" class=\"wp-image-29809\" srcset=\"https:\/\/costasur.com.do\/wp-content\/uploads\/2026\/08\/flamboyanes-cdc-1024x683.jpg 1024w, https:\/\/costasur.com.do\/wp-content\/uploads\/2026\/08\/flamboyanes-cdc-300x200.jpg 300w, https:\/\/costasur.com.do\/wp-content\/uploads\/2026\/08\/flamboyanes-cdc-18x12.jpg 18w, https:\/\/costasur.com.do\/wp-content\/uploads\/2026\/08\/flamboyanes-cdc-768x512.jpg 768w, https:\/\/costasur.com.do\/wp-content\/uploads\/2026\/08\/flamboyanes-cdc-650x433.jpg 650w, https:\/\/costasur.com.do\/wp-content\/uploads\/2026\/08\/flamboyanes-cdc.jpg 1200w\" sizes=\"(max-width: 1024px) 100vw, 1024px\" \/><\/figure>\n\n\n\n<p class=\"wp-block-paragraph\">Durante los meses de verano, nuestros paisajes se transforman con la intensa floraci\u00f3n de los flamboyanes, que aportan una vibrante variedad de tonalidades a nuestra comunidad.<\/p>\n\n\n\n<p class=\"wp-block-paragraph\">Originario de Madagascar, el flamboy\u00e1n se ha adaptado al clima tropical del Caribe. Sus flores atraen a colibr\u00edes y mariposas, mientras que sus semillas han sido utilizadas tradicionalmente en artesan\u00edas y sus c\u00e1psulas producen un sonido caracter\u00edstico al moverse con el viento.<\/p>\n\n\n\n<p class=\"wp-block-paragraph\">Le invitamos a disfrutar del color y el esplendor de los flamboyanes a todo lo largo y ancho del complejo, y si gusta, a compartir sus fotos con nosotros para ser mostradas a la comunidad a trav\u00e9s de nuestras redes sociales&nbsp;<a href=\"https:\/\/us.list-manage.com\/14lN8llTdny?e=a30d892166&amp;c2id=ee9085264a3610521ca3355b1ea5bd68\" target=\"_blank\" rel=\"noopener\">@costasurdr<\/a>.<\/p>\n\n\n\n<hr class=\"wp-block-separator has-alpha-channel-opacity\"\/>\n\n\n\n<p class=\"wp-block-paragraph\"><strong>Colaboradores de Costasur reciben certificaciones t\u00e9cnicas de la Superintendencia de Electricidad (SIE)<\/strong><\/p>\n\n\n\n<figure class=\"wp-block-image size-large\"><img decoding=\"async\" width=\"1024\" height=\"776\" src=\"https:\/\/costasur.com.do\/wp-content\/uploads\/2026\/08\/certificacion-sie-costasur-1024x776.jpg\" alt=\"\" class=\"wp-image-29810\" srcset=\"https:\/\/costasur.com.do\/wp-content\/uploads\/2026\/08\/certificacion-sie-costasur-1024x776.jpg 1024w, https:\/\/costasur.com.do\/wp-content\/uploads\/2026\/08\/certificacion-sie-costasur-300x227.jpg 300w, https:\/\/costasur.com.do\/wp-content\/uploads\/2026\/08\/certificacion-sie-costasur-768x582.jpg 768w, https:\/\/costasur.com.do\/wp-content\/uploads\/2026\/08\/certificacion-sie-costasur-16x12.jpg 16w, https:\/\/costasur.com.do\/wp-content\/uploads\/2026\/08\/certificacion-sie-costasur-650x493.jpg 650w, https:\/\/costasur.com.do\/wp-content\/uploads\/2026\/08\/certificacion-sie-costasur.jpg 1400w\" sizes=\"(max-width: 1024px) 100vw, 1024px\" \/><\/figure>\n\n\n\n<p class=\"wp-block-paragraph\">El pasado jueves 27 de agosto, la&nbsp;<strong>Superintendencia de Electricidad (SIE)<\/strong>&nbsp;realiz\u00f3 una nueva jornada de certificaci\u00f3n para t\u00e9cnicos electricistas, en la que 19 colaboradores de&nbsp;Costasur&nbsp;Dominicana fueron reconocidos por su formaci\u00f3n y competencias en el sector. La actividad forma parte del programa nacional de certificaci\u00f3n impulsado por la SIE para garantizar que los servicios el\u00e9ctricos sean ejecutados por personal calificado, en cumplimiento con la Ley General de Electricidad No. 125-01.<\/p>\n\n\n\n<p class=\"wp-block-paragraph\">Durante el acto, el&nbsp;<strong>Sr. Juan O. Vel\u00e1zquez<\/strong>, Vicepresidente y Administrador de&nbsp;Costasur, destac\u00f3 el compromiso de la empresa con la profesionalizaci\u00f3n y la seguridad:&nbsp;<em>\u00abSeguiremos apoyando iniciativas que eleven la preparaci\u00f3n de nuestros t\u00e9cnicos, fortalezcan la cultura de seguridad, y nos permita cumplir nuestras responsabilidades de brindar un servicio de energ\u00eda confiable, eficiente y de primer nivel\u00bb.<\/em><\/p>\n\n\n\n<p class=\"wp-block-paragraph\">Las certificaciones, que son el resultado de un proceso de evaluaci\u00f3n por competencias, refuerzan la calidad del servicio que recibe la comunidad de Casa de Campo\u00ae y subrayan la alineaci\u00f3n de&nbsp;Costasur&nbsp;con los est\u00e1ndares nacionales exigidos por la entidad reguladora.<\/p>\n\n\n\n<hr class=\"wp-block-separator has-alpha-channel-opacity\"\/>\n\n\n\n<p class=\"wp-block-paragraph\"><strong>Jardines de Chav\u00f3n: una colecci\u00f3n creada en Casa de Campo\u00ae<\/strong><\/p>\n\n\n\n<figure class=\"wp-block-image size-large\"><img decoding=\"async\" width=\"1024\" height=\"683\" src=\"https:\/\/costasur.com.do\/wp-content\/uploads\/2026\/08\/jardines-chavon-cdc-1024x683.jpg\" alt=\"\" class=\"wp-image-29811\" srcset=\"https:\/\/costasur.com.do\/wp-content\/uploads\/2026\/08\/jardines-chavon-cdc-1024x683.jpg 1024w, https:\/\/costasur.com.do\/wp-content\/uploads\/2026\/08\/jardines-chavon-cdc-300x200.jpg 300w, https:\/\/costasur.com.do\/wp-content\/uploads\/2026\/08\/jardines-chavon-cdc-768x512.jpg 768w, https:\/\/costasur.com.do\/wp-content\/uploads\/2026\/08\/jardines-chavon-cdc-18x12.jpg 18w, https:\/\/costasur.com.do\/wp-content\/uploads\/2026\/08\/jardines-chavon-cdc-650x433.jpg 650w, https:\/\/costasur.com.do\/wp-content\/uploads\/2026\/08\/jardines-chavon-cdc.jpg 1200w\" sizes=\"(max-width: 1024px) 100vw, 1024px\" \/><\/figure>\n\n\n\n<p class=\"wp-block-paragraph\">Descubra Jardines de Chav\u00f3n, la nueva colecci\u00f3n de la artista Am\u00e9rica Olivo, creada en colaboraci\u00f3n con los talleres de serigraf\u00eda, cer\u00e1mica y tejido de Altos de Chav\u00f3n.<\/p>\n\n\n\n<p class=\"wp-block-paragraph\">Una edici\u00f3n limitada de piezas artesanales inspiradas en las texturas, paisajes y huellas del tiempo que caracterizan su arquitectura, disponible de manera exclusiva para coleccionar o regalar en la tienda&nbsp;<strong>Artisan Altos de Chav\u00f3n,&nbsp;<\/strong>en horario de&nbsp;Lunes a Domingo de 9:00 AM a 06:00 PM.<\/p>\n\n\n\n<p class=\"wp-block-paragraph\">Contacto:&nbsp;<a href=\"tel:(809)%20523-3314\" target=\"_blank\" rel=\"noopener\">809-523-3314<\/a>&nbsp;\/ Ext. 5353 \/&nbsp;<a href=\"mailto:tiendas.chavon@costasur.com.do?subject=&amp;body=\" target=\"_blank\" rel=\"noopener\">tiendas.chavon@costasur.com.do<\/a><\/p>\n\n\n\n<p class=\"wp-block-paragraph\"><a href=\"https:\/\/us.list-manage.com\/1983rxIwCRP?e=a30d892166&amp;c2id=ee9085264a3610521ca3355b1ea5bd68\"><strong>Conozca m\u00e1s del proceso creativo<\/strong><\/a><\/p>\n\n\n\n<hr class=\"wp-block-separator has-alpha-channel-opacity\"\/>\n\n\n\n<p class=\"wp-block-paragraph\"><strong>Resort Traffic Regulations<\/strong><\/p>\n\n\n\n<figure class=\"wp-block-image size-large\"><img loading=\"lazy\" decoding=\"async\" width=\"1024\" height=\"576\" src=\"https:\/\/costasur.com.do\/wp-content\/uploads\/2026\/08\/limites-velocidad-cdc-1024x576.jpg\" alt=\"\" class=\"wp-image-29812\" srcset=\"https:\/\/costasur.com.do\/wp-content\/uploads\/2026\/08\/limites-velocidad-cdc-1024x576.jpg 1024w, https:\/\/costasur.com.do\/wp-content\/uploads\/2026\/08\/limites-velocidad-cdc-300x169.jpg 300w, https:\/\/costasur.com.do\/wp-content\/uploads\/2026\/08\/limites-velocidad-cdc-18x10.jpg 18w, https:\/\/costasur.com.do\/wp-content\/uploads\/2026\/08\/limites-velocidad-cdc-768x432.jpg 768w, https:\/\/costasur.com.do\/wp-content\/uploads\/2026\/08\/limites-velocidad-cdc-640x360.jpg 640w, https:\/\/costasur.com.do\/wp-content\/uploads\/2026\/08\/limites-velocidad-cdc-650x366.jpg 650w, https:\/\/costasur.com.do\/wp-content\/uploads\/2026\/08\/limites-velocidad-cdc.jpg 1200w\" sizes=\"(max-width: 1024px) 100vw, 1024px\" \/><\/figure>\n\n\n\n<p class=\"wp-block-paragraph\">The safety and well-being of our community are a shared responsibility. With the goal of contributing to safe coexistence for everyone, we present the main traffic rules below:<\/p>\n\n\n\n<ul class=\"wp-block-list\">\n<li>Conduzca con prudencia y moderaci\u00f3n. Respete siempre los l\u00edmites de velocidad indicados (calles internas; hasta 30 km\/h y avenidas principales; hasta 60 km\/h) o aquellos expresamente se\u00f1alizados.<\/li>\n\n\n\n<li>No est\u00e1 permitido que menores de edad y\/o j\u00f3venes sin licencia de conducir operen carritos de golf, motocicletas, four wheelers o cualquier veh\u00edculo de motor dentro del resort. Esta medida es fundamental para garantizar un entorno seguro.<\/li>\n\n\n\n<li>Prohibido rotundamente realizar carreras o maniobras peligrosas. Los veh\u00edculos involucrados podr\u00e1n ser retenidos por el \u00e1rea de seguridad.<\/li>\n\n\n\n<li>Respete y de paso a peatones y ciclistas. En las calles circulan carritos de golf, bicicletas y personas caminando o ejercit\u00e1ndose.<\/li>\n\n\n\n<li>Estacione correctamente. Utilice solo los espacios designados. No est\u00e1 permitido estacionar en jardines ni en entradas de villas.<\/li>\n\n\n\n<li>Verifique que las cartas de ruta de sus colaboradores est\u00e9n al d\u00eda para evitar retenciones por vencimiento o falta de documentaci\u00f3n. Si la carta de ruta de su colaborador se encuentra vencida, puede solicitar los formularios necesarios para su actualizaci\u00f3n escribiendo a&nbsp;<a href=\"mailto:administracioncs@costasur.com.do?subject=&amp;body=\" target=\"_blank\" rel=\"noopener\">administracioncs@costasur.com.do<\/a><\/li>\n<\/ul>\n\n\n\n<p class=\"wp-block-paragraph\"><\/p>\n\n\n\n<p class=\"wp-block-paragraph\">The Security department may request the driver's license from whoever is operating the vehicle and will follow up in case of non-compliance.<\/p>\n\n\n\n<hr class=\"wp-block-separator has-alpha-channel-opacity\"\/>\n\n\n\n<p class=\"wp-block-paragraph\"><strong>Control de riego en \u00e1reas comunes y puntos de villa<\/strong><\/p>\n\n\n\n<figure class=\"wp-block-image size-large\"><img loading=\"lazy\" decoding=\"async\" width=\"1024\" height=\"660\" src=\"https:\/\/costasur.com.do\/wp-content\/uploads\/2026\/08\/control-de-riego-cdc-1024x660.jpg\" alt=\"\" class=\"wp-image-29813\" srcset=\"https:\/\/costasur.com.do\/wp-content\/uploads\/2026\/08\/control-de-riego-cdc-1024x660.jpg 1024w, https:\/\/costasur.com.do\/wp-content\/uploads\/2026\/08\/control-de-riego-cdc-300x193.jpg 300w, https:\/\/costasur.com.do\/wp-content\/uploads\/2026\/08\/control-de-riego-cdc-768x495.jpg 768w, https:\/\/costasur.com.do\/wp-content\/uploads\/2026\/08\/control-de-riego-cdc-18x12.jpg 18w, https:\/\/costasur.com.do\/wp-content\/uploads\/2026\/08\/control-de-riego-cdc-650x419.jpg 650w, https:\/\/costasur.com.do\/wp-content\/uploads\/2026\/08\/control-de-riego-cdc.jpg 1250w\" sizes=\"(max-width: 1024px) 100vw, 1024px\" \/><\/figure>\n\n\n\n<p class=\"wp-block-paragraph\">Les recordamos que continuamos con el programa de control del riego en las \u00e1reas comunes y puntos de villa, ante las actuales condiciones de ausencia de lluvias en la zona, como parte de las medidas adoptadas para el manejo responsable del agua.<\/p>\n\n\n\n<p class=\"wp-block-paragraph\">Estas medidas preventivas acompa\u00f1an otros protocolos iniciados por la alerta de \u00e9poca de sequ\u00eda, divididos en dos etapas, y que incluyen notificaciones de apoyo a la comunidad como parte integral de la soluci\u00f3n.<\/p>\n\n\n\n<p class=\"wp-block-paragraph\"><strong>Segunda etapa | Actualmente en curso hasta el 7 de septiembre de 2026<\/strong><\/p>\n\n\n\n<p class=\"wp-block-paragraph\">Durante esta etapa, se mantiene un esquema de riego sectorizado, mediante el cual cada sector contar\u00e1 con dos d\u00edas de riego por semana, durante toda la jornada.<\/p>\n\n\n\n<p class=\"wp-block-paragraph\">Esta medida forma parte de las acciones implementadas para optimizar el consumo de agua, procurando mantener, al mismo tiempo, el adecuado cuidado de los espacios de nuestra comunidad.<\/p>\n\n\n\n<p class=\"wp-block-paragraph\">Agradecemos la colaboraci\u00f3n de cada miembro de la comunidad durante la implementaci\u00f3n de estas medidas, orientadas al uso responsable y sostenible del agua para beneficio de todos. Les invitamos a mantenerse atentos a futuras comunicaciones, ya que continuaremos implementando medidas de acuerdo con las condiciones y necesidades que se presenten.<\/p>\n\n\n\n<hr class=\"wp-block-separator has-alpha-channel-opacity\"\/>\n\n\n\n<p class=\"wp-block-paragraph\"><strong>View upcoming events by clicking the photo gallery:&nbsp;<\/strong><\/p>\n\n\n\nngg_shortcode_0_placeholder","protected":false},"excerpt":{"rendered":"<p>A continuaci\u00f3n les compartimos informaciones de inter\u00e9s para la Comunidad Costasur, y los pr\u00f3ximos eventos del mes de Septiembre. Descubra la belleza [&hellip;]<\/p>\n","protected":false},"author":3,"featured_media":29822,"comment_status":"closed","ping_status":"closed","sticky":false,"template":"","format":"standard","meta":{"_acf_changed":false,"ngg_post_thumbnail":0,"footnotes":""},"categories":[39],"tags":[],"class_list":["post-29808","post","type-post","status-publish","format-standard","has-post-thumbnail","hentry","category-boletin"],"acf":[],"yoast_head":"<!-- This site is optimized with the Yoast SEO plugin v28.2 - https:\/\/yoast.com\/product\/yoast-seo-wordpress\/ -->\n<title>Costasur News Agosto 2026 - Costasur Casa de Campo\u00ae<\/title>\n<meta name=\"description\" content=\"Costasur News es nuestro bolet\u00edn administrativo con informaciones de inter\u00e9s para la Comunidad, y los pr\u00f3ximos eventos del mes de Septiembre.\" \/>\n<meta name=\"robots\" content=\"index, follow, max-snippet:-1, max-image-preview:large, max-video-preview:-1\" \/>\n<link rel=\"canonical\" href=\"https:\/\/costasur.com.do\/en\/costasur-news-boletin-administrativo-agosto-2026\/\" \/>\n<meta property=\"og:locale\" content=\"en_US\" \/>\n<meta property=\"og:type\" content=\"article\" \/>\n<meta property=\"og:title\" content=\"Costasur News Agosto 2026 - Costasur Casa de Campo\u00ae\" \/>\n<meta property=\"og:description\" content=\"Costasur News es nuestro bolet\u00edn administrativo con informaciones de inter\u00e9s para la Comunidad, y los pr\u00f3ximos eventos del mes de Septiembre.\" \/>\n<meta property=\"og:url\" content=\"https:\/\/costasur.com.do\/en\/costasur-news-boletin-administrativo-agosto-2026\/\" \/>\n<meta property=\"og:site_name\" content=\"Costasur Casa de Campo\u00ae\" \/>\n<meta property=\"article:published_time\" content=\"2026-08-29T14:31:19+00:00\" \/>\n<meta property=\"article:modified_time\" content=\"2026-08-29T14:35:50+00:00\" \/>\n<meta property=\"og:image\" content=\"https:\/\/costasur.com.do\/wp-content\/uploads\/2026\/08\/flamboyanes-cdc-1.jpg\" \/>\n\t<meta property=\"og:image:width\" content=\"1200\" \/>\n\t<meta property=\"og:image:height\" content=\"800\" \/>\n\t<meta property=\"og:image:type\" content=\"image\/jpeg\" \/>\n<meta name=\"author\" content=\"ccochon\" \/>\n<meta name=\"twitter:card\" content=\"summary_large_image\" \/>\n<meta name=\"twitter:label1\" content=\"Written by\" \/>\n\t<meta name=\"twitter:data1\" content=\"ccochon\" \/>\n\t<meta name=\"twitter:label2\" content=\"Est. reading time\" \/>\n\t<meta name=\"twitter:data2\" content=\"6 minutes\" \/>\n<script type=\"application\/ld+json\" class=\"yoast-schema-graph\">{\"@context\":\"https:\\\/\\\/schema.org\",\"@graph\":[{\"@type\":\"Article\",\"@id\":\"https:\\\/\\\/costasur.com.do\\\/costasur-news-boletin-administrativo-agosto-2026\\\/#article\",\"isPartOf\":{\"@id\":\"https:\\\/\\\/costasur.com.do\\\/costasur-news-boletin-administrativo-agosto-2026\\\/\"},\"author\":{\"name\":\"ccochon\",\"@id\":\"https:\\\/\\\/costasur.com.do\\\/#\\\/schema\\\/person\\\/862eda2832094a4af6fb8bba2b3cacf3\"},\"headline\":\"Costasur News Agosto 2026\",\"datePublished\":\"2026-08-29T14:31:19+00:00\",\"dateModified\":\"2026-08-29T14:35:50+00:00\",\"mainEntityOfPage\":{\"@id\":\"https:\\\/\\\/costasur.com.do\\\/costasur-news-boletin-administrativo-agosto-2026\\\/\"},\"wordCount\":932,\"image\":{\"@id\":\"https:\\\/\\\/costasur.com.do\\\/costasur-news-boletin-administrativo-agosto-2026\\\/#primaryimage\"},\"thumbnailUrl\":\"https:\\\/\\\/costasur.com.do\\\/wp-content\\\/uploads\\\/2026\\\/08\\\/flamboyanes-cdc-1.jpg\",\"articleSection\":[\"Bolet\u00edn\"],\"inLanguage\":\"en-US\"},{\"@type\":\"WebPage\",\"@id\":\"https:\\\/\\\/costasur.com.do\\\/costasur-news-boletin-administrativo-agosto-2026\\\/\",\"url\":\"https:\\\/\\\/costasur.com.do\\\/costasur-news-boletin-administrativo-agosto-2026\\\/\",\"name\":\"Costasur News Agosto 2026 - Costasur Casa de Campo\u00ae\",\"isPartOf\":{\"@id\":\"https:\\\/\\\/costasur.com.do\\\/#website\"},\"primaryImageOfPage\":{\"@id\":\"https:\\\/\\\/costasur.com.do\\\/costasur-news-boletin-administrativo-agosto-2026\\\/#primaryimage\"},\"image\":{\"@id\":\"https:\\\/\\\/costasur.com.do\\\/costasur-news-boletin-administrativo-agosto-2026\\\/#primaryimage\"},\"thumbnailUrl\":\"https:\\\/\\\/costasur.com.do\\\/wp-content\\\/uploads\\\/2026\\\/08\\\/flamboyanes-cdc-1.jpg\",\"datePublished\":\"2026-08-29T14:31:19+00:00\",\"dateModified\":\"2026-08-29T14:35:50+00:00\",\"author\":{\"@id\":\"https:\\\/\\\/costasur.com.do\\\/#\\\/schema\\\/person\\\/862eda2832094a4af6fb8bba2b3cacf3\"},\"description\":\"Costasur News es nuestro bolet\u00edn administrativo con informaciones de inter\u00e9s para la Comunidad, y los pr\u00f3ximos eventos del mes de Septiembre.\",\"breadcrumb\":{\"@id\":\"https:\\\/\\\/costasur.com.do\\\/costasur-news-boletin-administrativo-agosto-2026\\\/#breadcrumb\"},\"inLanguage\":\"en-US\",\"potentialAction\":[{\"@type\":\"ReadAction\",\"target\":[\"https:\\\/\\\/costasur.com.do\\\/costasur-news-boletin-administrativo-agosto-2026\\\/\"]}]},{\"@type\":\"ImageObject\",\"inLanguage\":\"en-US\",\"@id\":\"https:\\\/\\\/costasur.com.do\\\/costasur-news-boletin-administrativo-agosto-2026\\\/#primaryimage\",\"url\":\"https:\\\/\\\/costasur.com.do\\\/wp-content\\\/uploads\\\/2026\\\/08\\\/flamboyanes-cdc-1.jpg\",\"contentUrl\":\"https:\\\/\\\/costasur.com.do\\\/wp-content\\\/uploads\\\/2026\\\/08\\\/flamboyanes-cdc-1.jpg\",\"width\":1200,\"height\":800},{\"@type\":\"BreadcrumbList\",\"@id\":\"https:\\\/\\\/costasur.com.do\\\/costasur-news-boletin-administrativo-agosto-2026\\\/#breadcrumb\",\"itemListElement\":[{\"@type\":\"ListItem\",\"position\":1,\"name\":\"Portada\",\"item\":\"https:\\\/\\\/costasur.com.do\\\/\"},{\"@type\":\"ListItem\",\"position\":2,\"name\":\"Costasur News Agosto 2026\"}]},{\"@type\":\"WebSite\",\"@id\":\"https:\\\/\\\/costasur.com.do\\\/#website\",\"url\":\"https:\\\/\\\/costasur.com.do\\\/\",\"name\":\"Costasur Casa de Campo\u00ae\",\"description\":\"Invierta en el proyecto inmobiliario m\u00e1s exclusivo de Rep\u00fablica Dominicana.\",\"potentialAction\":[{\"@type\":\"SearchAction\",\"target\":{\"@type\":\"EntryPoint\",\"urlTemplate\":\"https:\\\/\\\/costasur.com.do\\\/?s={search_term_string}\"},\"query-input\":{\"@type\":\"PropertyValueSpecification\",\"valueRequired\":true,\"valueName\":\"search_term_string\"}}],\"inLanguage\":\"en-US\"},{\"@type\":\"Person\",\"@id\":\"https:\\\/\\\/costasur.com.do\\\/#\\\/schema\\\/person\\\/862eda2832094a4af6fb8bba2b3cacf3\",\"name\":\"ccochon\",\"image\":{\"@type\":\"ImageObject\",\"inLanguage\":\"en-US\",\"@id\":\"https:\\\/\\\/secure.gravatar.com\\\/avatar\\\/1fb987318bec8ee75e728e42f8830e4371dffdc07d47f11660a787862abc944d?s=96&d=mm&r=g\",\"url\":\"https:\\\/\\\/secure.gravatar.com\\\/avatar\\\/1fb987318bec8ee75e728e42f8830e4371dffdc07d47f11660a787862abc944d?s=96&d=mm&r=g\",\"contentUrl\":\"https:\\\/\\\/secure.gravatar.com\\\/avatar\\\/1fb987318bec8ee75e728e42f8830e4371dffdc07d47f11660a787862abc944d?s=96&d=mm&r=g\",\"caption\":\"ccochon\"},\"url\":\"https:\\\/\\\/costasur.com.do\\\/en\\\/author\\\/ccochon\\\/\"}]}<\/script>\n<!-- \/ Yoast SEO plugin. -->","yoast_head_json":{"title":"Costasur News Agosto 2026 - Costasur Casa de Campo\u00ae","description":"Costasur News es nuestro bolet\u00edn administrativo con informaciones de inter\u00e9s para la Comunidad, y los pr\u00f3ximos eventos del mes de Septiembre.","robots":{"index":"index","follow":"follow","max-snippet":"max-snippet:-1","max-image-preview":"max-image-preview:large","max-video-preview":"max-video-preview:-1"},"canonical":"https:\/\/costasur.com.do\/en\/costasur-news-boletin-administrativo-agosto-2026\/","og_locale":"en_US","og_type":"article","og_title":"Costasur News Agosto 2026 - Costasur Casa de Campo\u00ae","og_description":"Costasur News es nuestro bolet\u00edn administrativo con informaciones de inter\u00e9s para la Comunidad, y los pr\u00f3ximos eventos del mes de Septiembre.","og_url":"https:\/\/costasur.com.do\/en\/costasur-news-boletin-administrativo-agosto-2026\/","og_site_name":"Costasur Casa de Campo\u00ae","article_published_time":"2026-08-29T14:31:19+00:00","article_modified_time":"2026-08-29T14:35:50+00:00","og_image":[{"width":1200,"height":800,"url":"https:\/\/costasur.com.do\/wp-content\/uploads\/2026\/08\/flamboyanes-cdc-1.jpg","type":"image\/jpeg"}],"author":"ccochon","twitter_card":"summary_large_image","twitter_misc":{"Written by":"ccochon","Est. reading time":"6 minutes"},"schema":{"@context":"https:\/\/schema.org","@graph":[{"@type":"Article","@id":"https:\/\/costasur.com.do\/costasur-news-boletin-administrativo-agosto-2026\/#article","isPartOf":{"@id":"https:\/\/costasur.com.do\/costasur-news-boletin-administrativo-agosto-2026\/"},"author":{"name":"ccochon","@id":"https:\/\/costasur.com.do\/#\/schema\/person\/862eda2832094a4af6fb8bba2b3cacf3"},"headline":"Costasur News Agosto 2026","datePublished":"2026-08-29T14:31:19+00:00","dateModified":"2026-08-29T14:35:50+00:00","mainEntityOfPage":{"@id":"https:\/\/costasur.com.do\/costasur-news-boletin-administrativo-agosto-2026\/"},"wordCount":932,"image":{"@id":"https:\/\/costasur.com.do\/costasur-news-boletin-administrativo-agosto-2026\/#primaryimage"},"thumbnailUrl":"https:\/\/costasur.com.do\/wp-content\/uploads\/2026\/08\/flamboyanes-cdc-1.jpg","articleSection":["Bolet\u00edn"],"inLanguage":"en-US"},{"@type":"WebPage","@id":"https:\/\/costasur.com.do\/costasur-news-boletin-administrativo-agosto-2026\/","url":"https:\/\/costasur.com.do\/costasur-news-boletin-administrativo-agosto-2026\/","name":"Costasur News Agosto 2026 - Costasur Casa de Campo\u00ae","isPartOf":{"@id":"https:\/\/costasur.com.do\/#website"},"primaryImageOfPage":{"@id":"https:\/\/costasur.com.do\/costasur-news-boletin-administrativo-agosto-2026\/#primaryimage"},"image":{"@id":"https:\/\/costasur.com.do\/costasur-news-boletin-administrativo-agosto-2026\/#primaryimage"},"thumbnailUrl":"https:\/\/costasur.com.do\/wp-content\/uploads\/2026\/08\/flamboyanes-cdc-1.jpg","datePublished":"2026-08-29T14:31:19+00:00","dateModified":"2026-08-29T14:35:50+00:00","author":{"@id":"https:\/\/costasur.com.do\/#\/schema\/person\/862eda2832094a4af6fb8bba2b3cacf3"},"description":"Costasur News es nuestro bolet\u00edn administrativo con informaciones de inter\u00e9s para la Comunidad, y los pr\u00f3ximos eventos del mes de Septiembre.","breadcrumb":{"@id":"https:\/\/costasur.com.do\/costasur-news-boletin-administrativo-agosto-2026\/#breadcrumb"},"inLanguage":"en-US","potentialAction":[{"@type":"ReadAction","target":["https:\/\/costasur.com.do\/costasur-news-boletin-administrativo-agosto-2026\/"]}]},{"@type":"ImageObject","inLanguage":"en-US","@id":"https:\/\/costasur.com.do\/costasur-news-boletin-administrativo-agosto-2026\/#primaryimage","url":"https:\/\/costasur.com.do\/wp-content\/uploads\/2026\/08\/flamboyanes-cdc-1.jpg","contentUrl":"https:\/\/costasur.com.do\/wp-content\/uploads\/2026\/08\/flamboyanes-cdc-1.jpg","width":1200,"height":800},{"@type":"BreadcrumbList","@id":"https:\/\/costasur.com.do\/costasur-news-boletin-administrativo-agosto-2026\/#breadcrumb","itemListElement":[{"@type":"ListItem","position":1,"name":"Portada","item":"https:\/\/costasur.com.do\/"},{"@type":"ListItem","position":2,"name":"Costasur News Agosto 2026"}]},{"@type":"WebSite","@id":"https:\/\/costasur.com.do\/#website","url":"https:\/\/costasur.com.do\/","name":"Costasur Casa de Campo\u00ae","description":"Invest in the Dominican Republic's most exclusive real estate project.","potentialAction":[{"@type":"SearchAction","target":{"@type":"EntryPoint","urlTemplate":"https:\/\/costasur.com.do\/?s={search_term_string}"},"query-input":{"@type":"PropertyValueSpecification","valueRequired":true,"valueName":"search_term_string"}}],"inLanguage":"en-US"},{"@type":"Person","@id":"https:\/\/costasur.com.do\/#\/schema\/person\/862eda2832094a4af6fb8bba2b3cacf3","name":"pig","image":{"@type":"ImageObject","inLanguage":"en-US","@id":"https:\/\/secure.gravatar.com\/avatar\/1fb987318bec8ee75e728e42f8830e4371dffdc07d47f11660a787862abc944d?s=96&d=mm&r=g","url":"https:\/\/secure.gravatar.com\/avatar\/1fb987318bec8ee75e728e42f8830e4371dffdc07d47f11660a787862abc944d?s=96&d=mm&r=g","contentUrl":"https:\/\/secure.gravatar.com\/avatar\/1fb987318bec8ee75e728e42f8830e4371dffdc07d47f11660a787862abc944d?s=96&d=mm&r=g","caption":"ccochon"},"url":"https:\/\/costasur.com.do\/en\/author\/ccochon\/"}]}},"jetpack_featured_media_url":"https:\/\/costasur.com.do\/wp-content\/uploads\/2026\/08\/flamboyanes-cdc-1.jpg","_links":{"self":[{"href":"https:\/\/costasur.com.do\/en\/wp-json\/wp\/v2\/posts\/29808","targetHints":{"allow":["GET"]}}],"collection":[{"href":"https:\/\/costasur.com.do\/en\/wp-json\/wp\/v2\/posts"}],"about":[{"href":"https:\/\/costasur.com.do\/en\/wp-json\/wp\/v2\/types\/post"}],"author":[{"embeddable":true,"href":"https:\/\/costasur.com.do\/en\/wp-json\/wp\/v2\/users\/3"}],"replies":[{"embeddable":true,"href":"https:\/\/costasur.com.do\/en\/wp-json\/wp\/v2\/comments?post=29808"}],"version-history":[{"count":3,"href":"https:\/\/costasur.com.do\/en\/wp-json\/wp\/v2\/posts\/29808\/revisions"}],"predecessor-version":[{"id":29826,"href":"https:\/\/costasur.com.do\/en\/wp-json\/wp\/v2\/posts\/29808\/revisions\/29826"}],"wp:featuredmedia":[{"embeddable":true,"href":"https:\/\/costasur.com.do\/en\/wp-json\/wp\/v2\/media\/29822"}],"wp:attachment":[{"href":"https:\/\/costasur.com.do\/en\/wp-json\/wp\/v2\/media?parent=29808"}],"wp:term":[{"taxonomy":"category","embeddable":true,"href":"https:\/\/costasur.com.do\/en\/wp-json\/wp\/v2\/categories?post=29808"},{"taxonomy":"post_tag","embeddable":true,"href":"https:\/\/costasur.com.do\/en\/wp-json\/wp\/v2\/tags?post=29808"}],"curies":[{"name":"wp","href":"https:\/\/api.w.org\/{rel}","templated":true}]}}