{"id":29686,"date":"2026-08-20T16:47:12","date_gmt":"2026-08-20T16:47:12","guid":{"rendered":"https:\/\/costasur.com.do\/?p=29686"},"modified":"2026-08-27T00:01:09","modified_gmt":"2026-08-27T00:01:09","slug":"family-day-fundacion-mir-2026","status":"publish","type":"post","link":"https:\/\/costasur.com.do\/en\/family-day-fundacion-mir-2026\/","title":{"rendered":"Fundaci\u00f3n MIR celebrated its highly anticipated Family Day 2026 with great success."},"content":{"rendered":"<p class=\"wp-block-paragraph\">Last Saturday, August 15th, <strong>MIR Foundation<\/strong> celebrated their long-awaited annual event, the <strong>Family Day 2026<\/strong>, a day dedicated to bringing together family, friends, collaborators, and community members around sports, solidarity, and a commitment to education.<\/p>\n\n\n\n<p class=\"wp-block-paragraph\">This vibrant day featured a program of activities that included the traditional golf tournament at <strong>La Romana Country Club<\/strong>a tennis clinic for boys and girls, and the highly anticipated Paddle Battle, bringing together participants of all ages in an atmosphere of fun, camaraderie, and sportsmanship.<\/p>\n\n\n\n<p class=\"wp-block-paragraph\">The day culminated with a special awards dinner at <strong>Minitas Beach Club,<\/strong> where participants, sponsors, and friends of Fundaci\u00f3n MIR gathered to celebrate the success of the event and recognize those who made this new edition possible.<\/p>\n\n\n\n<p class=\"wp-block-paragraph\">The funds raised contribute to strengthening the educational and social programs of Fundaci\u00f3n MIR, which continue to provide opportunities and tools for the development of children and youth from the La Romana community.<\/p>\n\n\n\n<p class=\"wp-block-paragraph\">MIR Foundation expresses its sincere gratitude to all sponsors, participants, and attendees for their support and for making possible, once again, this celebration that reaffirms the Foundation's commitment to continue working for the well-being and future of the new generations.<\/p>\n\n\n\nngg_shortcode_0_placeholder","protected":false},"excerpt":{"rendered":"<p>El pasado s\u00e1bado 15 de agosto, Fundaci\u00f3n MIR celebr\u00f3 con gran entusiasmo su esperado evento anual, el Family Day 2026, una jornada [&hellip;]<\/p>\n","protected":false},"author":3,"featured_media":29728,"comment_status":"closed","ping_status":"closed","sticky":false,"template":"","format":"standard","meta":{"_acf_changed":false,"ngg_post_thumbnail":0,"footnotes":""},"categories":[256,257],"tags":[],"class_list":["post-29686","post","type-post","status-publish","format-standard","has-post-thumbnail","hentry","category-comunidad","category-eventos"],"acf":[],"yoast_head":"<!-- This site is optimized with the Yoast SEO plugin v28.2 - https:\/\/yoast.com\/product\/yoast-seo-wordpress\/ -->\n<title>Fundaci\u00f3n MIR celebra con gran \u00e9xito su tradicional Family Day 2026. - Costasur Casa de Campo\u00ae<\/title>\n<meta name=\"description\" content=\"El pasado s\u00e1bado 15 de agosto, Fundaci\u00f3n MIR celebr\u00f3 con gran entusiasmo su esperado Family Day 2026, una jornada dedicada a reunir a miembros de la comunidad y amigos en torno al deporte y el compromiso con la educaci\u00f3n.\" \/>\n<meta name=\"robots\" content=\"index, follow, max-snippet:-1, max-image-preview:large, max-video-preview:-1\" \/>\n<link rel=\"canonical\" href=\"https:\/\/costasur.com.do\/en\/family-day-fundacion-mir-2026\/\" \/>\n<meta property=\"og:locale\" content=\"en_US\" \/>\n<meta property=\"og:type\" content=\"article\" \/>\n<meta property=\"og:title\" content=\"Fundaci\u00f3n MIR celebra con gran \u00e9xito su tradicional Family Day 2026. - Costasur Casa de Campo\u00ae\" \/>\n<meta property=\"og:description\" content=\"El pasado s\u00e1bado 15 de agosto, Fundaci\u00f3n MIR celebr\u00f3 con gran entusiasmo su esperado Family Day 2026, una jornada dedicada a reunir a miembros de la comunidad y amigos en torno al deporte y el compromiso con la educaci\u00f3n.\" \/>\n<meta property=\"og:url\" content=\"https:\/\/costasur.com.do\/en\/family-day-fundacion-mir-2026\/\" \/>\n<meta property=\"og:site_name\" content=\"Costasur Casa de Campo\u00ae\" \/>\n<meta property=\"article:published_time\" content=\"2026-08-20T16:47:12+00:00\" \/>\n<meta property=\"article:modified_time\" content=\"2026-08-27T00:01:09+00:00\" \/>\n<meta property=\"og:image\" content=\"https:\/\/costasur.com.do\/wp-content\/uploads\/2026\/08\/FN3A9408.jpg\" \/>\n\t<meta property=\"og:image:width\" content=\"1400\" \/>\n\t<meta property=\"og:image:height\" content=\"933\" \/>\n\t<meta property=\"og:image:type\" content=\"image\/jpeg\" \/>\n<meta name=\"author\" content=\"ccochon\" \/>\n<meta name=\"twitter:card\" content=\"summary_large_image\" \/>\n<meta name=\"twitter:label1\" content=\"Written by\" \/>\n\t<meta name=\"twitter:data1\" content=\"ccochon\" \/>\n\t<meta name=\"twitter:label2\" content=\"Est. reading time\" \/>\n\t<meta name=\"twitter:data2\" content=\"2 minutes\" \/>\n<script type=\"application\/ld+json\" class=\"yoast-schema-graph\">{\"@context\":\"https:\\\/\\\/schema.org\",\"@graph\":[{\"@type\":\"Article\",\"@id\":\"https:\\\/\\\/costasur.com.do\\\/family-day-fundacion-mir-2026\\\/#article\",\"isPartOf\":{\"@id\":\"https:\\\/\\\/costasur.com.do\\\/family-day-fundacion-mir-2026\\\/\"},\"author\":{\"name\":\"ccochon\",\"@id\":\"https:\\\/\\\/costasur.com.do\\\/#\\\/schema\\\/person\\\/862eda2832094a4af6fb8bba2b3cacf3\"},\"headline\":\"Fundaci\u00f3n MIR celebra con gran \u00e9xito su tradicional Family Day 2026.\",\"datePublished\":\"2026-08-20T16:47:12+00:00\",\"dateModified\":\"2026-08-27T00:01:09+00:00\",\"mainEntityOfPage\":{\"@id\":\"https:\\\/\\\/costasur.com.do\\\/family-day-fundacion-mir-2026\\\/\"},\"wordCount\":243,\"image\":{\"@id\":\"https:\\\/\\\/costasur.com.do\\\/family-day-fundacion-mir-2026\\\/#primaryimage\"},\"thumbnailUrl\":\"https:\\\/\\\/costasur.com.do\\\/wp-content\\\/uploads\\\/2026\\\/08\\\/FN3A9408.jpg\",\"articleSection\":[\"Comunidad\",\"Eventos\"],\"inLanguage\":\"en-US\"},{\"@type\":\"WebPage\",\"@id\":\"https:\\\/\\\/costasur.com.do\\\/family-day-fundacion-mir-2026\\\/\",\"url\":\"https:\\\/\\\/costasur.com.do\\\/family-day-fundacion-mir-2026\\\/\",\"name\":\"Fundaci\u00f3n MIR celebra con gran \u00e9xito su tradicional Family Day 2026. - Costasur Casa de Campo\u00ae\",\"isPartOf\":{\"@id\":\"https:\\\/\\\/costasur.com.do\\\/#website\"},\"primaryImageOfPage\":{\"@id\":\"https:\\\/\\\/costasur.com.do\\\/family-day-fundacion-mir-2026\\\/#primaryimage\"},\"image\":{\"@id\":\"https:\\\/\\\/costasur.com.do\\\/family-day-fundacion-mir-2026\\\/#primaryimage\"},\"thumbnailUrl\":\"https:\\\/\\\/costasur.com.do\\\/wp-content\\\/uploads\\\/2026\\\/08\\\/FN3A9408.jpg\",\"datePublished\":\"2026-08-20T16:47:12+00:00\",\"dateModified\":\"2026-08-27T00:01:09+00:00\",\"author\":{\"@id\":\"https:\\\/\\\/costasur.com.do\\\/#\\\/schema\\\/person\\\/862eda2832094a4af6fb8bba2b3cacf3\"},\"description\":\"El pasado s\u00e1bado 15 de agosto, Fundaci\u00f3n MIR celebr\u00f3 con gran entusiasmo su esperado Family Day 2026, una jornada dedicada a reunir a miembros de la comunidad y amigos en torno al deporte y el compromiso con la educaci\u00f3n.\",\"breadcrumb\":{\"@id\":\"https:\\\/\\\/costasur.com.do\\\/family-day-fundacion-mir-2026\\\/#breadcrumb\"},\"inLanguage\":\"en-US\",\"potentialAction\":[{\"@type\":\"ReadAction\",\"target\":[\"https:\\\/\\\/costasur.com.do\\\/family-day-fundacion-mir-2026\\\/\"]}]},{\"@type\":\"ImageObject\",\"inLanguage\":\"en-US\",\"@id\":\"https:\\\/\\\/costasur.com.do\\\/family-day-fundacion-mir-2026\\\/#primaryimage\",\"url\":\"https:\\\/\\\/costasur.com.do\\\/wp-content\\\/uploads\\\/2026\\\/08\\\/FN3A9408.jpg\",\"contentUrl\":\"https:\\\/\\\/costasur.com.do\\\/wp-content\\\/uploads\\\/2026\\\/08\\\/FN3A9408.jpg\",\"width\":1400,\"height\":933},{\"@type\":\"BreadcrumbList\",\"@id\":\"https:\\\/\\\/costasur.com.do\\\/family-day-fundacion-mir-2026\\\/#breadcrumb\",\"itemListElement\":[{\"@type\":\"ListItem\",\"position\":1,\"name\":\"Portada\",\"item\":\"https:\\\/\\\/costasur.com.do\\\/\"},{\"@type\":\"ListItem\",\"position\":2,\"name\":\"Fundaci\u00f3n MIR celebra con gran \u00e9xito su tradicional Family Day 2026.\"}]},{\"@type\":\"WebSite\",\"@id\":\"https:\\\/\\\/costasur.com.do\\\/#website\",\"url\":\"https:\\\/\\\/costasur.com.do\\\/\",\"name\":\"Costasur Casa de Campo\u00ae\",\"description\":\"Invierta en el proyecto inmobiliario m\u00e1s exclusivo de Rep\u00fablica Dominicana.\",\"potentialAction\":[{\"@type\":\"SearchAction\",\"target\":{\"@type\":\"EntryPoint\",\"urlTemplate\":\"https:\\\/\\\/costasur.com.do\\\/?s={search_term_string}\"},\"query-input\":{\"@type\":\"PropertyValueSpecification\",\"valueRequired\":true,\"valueName\":\"search_term_string\"}}],\"inLanguage\":\"en-US\"},{\"@type\":\"Person\",\"@id\":\"https:\\\/\\\/costasur.com.do\\\/#\\\/schema\\\/person\\\/862eda2832094a4af6fb8bba2b3cacf3\",\"name\":\"ccochon\",\"image\":{\"@type\":\"ImageObject\",\"inLanguage\":\"en-US\",\"@id\":\"https:\\\/\\\/secure.gravatar.com\\\/avatar\\\/1fb987318bec8ee75e728e42f8830e4371dffdc07d47f11660a787862abc944d?s=96&d=mm&r=g\",\"url\":\"https:\\\/\\\/secure.gravatar.com\\\/avatar\\\/1fb987318bec8ee75e728e42f8830e4371dffdc07d47f11660a787862abc944d?s=96&d=mm&r=g\",\"contentUrl\":\"https:\\\/\\\/secure.gravatar.com\\\/avatar\\\/1fb987318bec8ee75e728e42f8830e4371dffdc07d47f11660a787862abc944d?s=96&d=mm&r=g\",\"caption\":\"ccochon\"},\"url\":\"https:\\\/\\\/costasur.com.do\\\/en\\\/author\\\/ccochon\\\/\"}]}<\/script>\n<!-- \/ Yoast SEO plugin. -->","yoast_head_json":{"title":"Fundaci\u00f3n MIR celebra con gran \u00e9xito su tradicional Family Day 2026. - Costasur Casa de Campo\u00ae","description":"El pasado s\u00e1bado 15 de agosto, Fundaci\u00f3n MIR celebr\u00f3 con gran entusiasmo su esperado Family Day 2026, una jornada dedicada a reunir a miembros de la comunidad y amigos en torno al deporte y el compromiso con la educaci\u00f3n.","robots":{"index":"index","follow":"follow","max-snippet":"max-snippet:-1","max-image-preview":"max-image-preview:large","max-video-preview":"max-video-preview:-1"},"canonical":"https:\/\/costasur.com.do\/en\/family-day-fundacion-mir-2026\/","og_locale":"en_US","og_type":"article","og_title":"Fundaci\u00f3n MIR celebra con gran \u00e9xito su tradicional Family Day 2026. - Costasur Casa de Campo\u00ae","og_description":"El pasado s\u00e1bado 15 de agosto, Fundaci\u00f3n MIR celebr\u00f3 con gran entusiasmo su esperado Family Day 2026, una jornada dedicada a reunir a miembros de la comunidad y amigos en torno al deporte y el compromiso con la educaci\u00f3n.","og_url":"https:\/\/costasur.com.do\/en\/family-day-fundacion-mir-2026\/","og_site_name":"Costasur Casa de Campo\u00ae","article_published_time":"2026-08-20T16:47:12+00:00","article_modified_time":"2026-08-27T00:01:09+00:00","og_image":[{"width":1400,"height":933,"url":"https:\/\/costasur.com.do\/wp-content\/uploads\/2026\/08\/FN3A9408.jpg","type":"image\/jpeg"}],"author":"ccochon","twitter_card":"summary_large_image","twitter_misc":{"Written by":"ccochon","Est. reading time":"2 minutes"},"schema":{"@context":"https:\/\/schema.org","@graph":[{"@type":"Article","@id":"https:\/\/costasur.com.do\/family-day-fundacion-mir-2026\/#article","isPartOf":{"@id":"https:\/\/costasur.com.do\/family-day-fundacion-mir-2026\/"},"author":{"name":"ccochon","@id":"https:\/\/costasur.com.do\/#\/schema\/person\/862eda2832094a4af6fb8bba2b3cacf3"},"headline":"Fundaci\u00f3n MIR celebra con gran \u00e9xito su tradicional Family Day 2026.","datePublished":"2026-08-20T16:47:12+00:00","dateModified":"2026-08-27T00:01:09+00:00","mainEntityOfPage":{"@id":"https:\/\/costasur.com.do\/family-day-fundacion-mir-2026\/"},"wordCount":243,"image":{"@id":"https:\/\/costasur.com.do\/family-day-fundacion-mir-2026\/#primaryimage"},"thumbnailUrl":"https:\/\/costasur.com.do\/wp-content\/uploads\/2026\/08\/FN3A9408.jpg","articleSection":["Comunidad","Eventos"],"inLanguage":"en-US"},{"@type":"WebPage","@id":"https:\/\/costasur.com.do\/family-day-fundacion-mir-2026\/","url":"https:\/\/costasur.com.do\/family-day-fundacion-mir-2026\/","name":"Fundaci\u00f3n MIR celebra con gran \u00e9xito su tradicional Family Day 2026. - Costasur Casa de Campo\u00ae","isPartOf":{"@id":"https:\/\/costasur.com.do\/#website"},"primaryImageOfPage":{"@id":"https:\/\/costasur.com.do\/family-day-fundacion-mir-2026\/#primaryimage"},"image":{"@id":"https:\/\/costasur.com.do\/family-day-fundacion-mir-2026\/#primaryimage"},"thumbnailUrl":"https:\/\/costasur.com.do\/wp-content\/uploads\/2026\/08\/FN3A9408.jpg","datePublished":"2026-08-20T16:47:12+00:00","dateModified":"2026-08-27T00:01:09+00:00","author":{"@id":"https:\/\/costasur.com.do\/#\/schema\/person\/862eda2832094a4af6fb8bba2b3cacf3"},"description":"El pasado s\u00e1bado 15 de agosto, Fundaci\u00f3n MIR celebr\u00f3 con gran entusiasmo su esperado Family Day 2026, una jornada dedicada a reunir a miembros de la comunidad y amigos en torno al deporte y el compromiso con la educaci\u00f3n.","breadcrumb":{"@id":"https:\/\/costasur.com.do\/family-day-fundacion-mir-2026\/#breadcrumb"},"inLanguage":"en-US","potentialAction":[{"@type":"ReadAction","target":["https:\/\/costasur.com.do\/family-day-fundacion-mir-2026\/"]}]},{"@type":"ImageObject","inLanguage":"en-US","@id":"https:\/\/costasur.com.do\/family-day-fundacion-mir-2026\/#primaryimage","url":"https:\/\/costasur.com.do\/wp-content\/uploads\/2026\/08\/FN3A9408.jpg","contentUrl":"https:\/\/costasur.com.do\/wp-content\/uploads\/2026\/08\/FN3A9408.jpg","width":1400,"height":933},{"@type":"BreadcrumbList","@id":"https:\/\/costasur.com.do\/family-day-fundacion-mir-2026\/#breadcrumb","itemListElement":[{"@type":"ListItem","position":1,"name":"Portada","item":"https:\/\/costasur.com.do\/"},{"@type":"ListItem","position":2,"name":"Fundaci\u00f3n MIR celebra con gran \u00e9xito su tradicional Family Day 2026."}]},{"@type":"WebSite","@id":"https:\/\/costasur.com.do\/#website","url":"https:\/\/costasur.com.do\/","name":"Costasur Casa de Campo\u00ae","description":"Invest in the Dominican Republic's most exclusive real estate project.","potentialAction":[{"@type":"SearchAction","target":{"@type":"EntryPoint","urlTemplate":"https:\/\/costasur.com.do\/?s={search_term_string}"},"query-input":{"@type":"PropertyValueSpecification","valueRequired":true,"valueName":"search_term_string"}}],"inLanguage":"en-US"},{"@type":"Person","@id":"https:\/\/costasur.com.do\/#\/schema\/person\/862eda2832094a4af6fb8bba2b3cacf3","name":"pig","image":{"@type":"ImageObject","inLanguage":"en-US","@id":"https:\/\/secure.gravatar.com\/avatar\/1fb987318bec8ee75e728e42f8830e4371dffdc07d47f11660a787862abc944d?s=96&d=mm&r=g","url":"https:\/\/secure.gravatar.com\/avatar\/1fb987318bec8ee75e728e42f8830e4371dffdc07d47f11660a787862abc944d?s=96&d=mm&r=g","contentUrl":"https:\/\/secure.gravatar.com\/avatar\/1fb987318bec8ee75e728e42f8830e4371dffdc07d47f11660a787862abc944d?s=96&d=mm&r=g","caption":"ccochon"},"url":"https:\/\/costasur.com.do\/en\/author\/ccochon\/"}]}},"jetpack_featured_media_url":"https:\/\/costasur.com.do\/wp-content\/uploads\/2026\/08\/FN3A9408.jpg","_links":{"self":[{"href":"https:\/\/costasur.com.do\/en\/wp-json\/wp\/v2\/posts\/29686","targetHints":{"allow":["GET"]}}],"collection":[{"href":"https:\/\/costasur.com.do\/en\/wp-json\/wp\/v2\/posts"}],"about":[{"href":"https:\/\/costasur.com.do\/en\/wp-json\/wp\/v2\/types\/post"}],"author":[{"embeddable":true,"href":"https:\/\/costasur.com.do\/en\/wp-json\/wp\/v2\/users\/3"}],"replies":[{"embeddable":true,"href":"https:\/\/costasur.com.do\/en\/wp-json\/wp\/v2\/comments?post=29686"}],"version-history":[{"count":1,"href":"https:\/\/costasur.com.do\/en\/wp-json\/wp\/v2\/posts\/29686\/revisions"}],"predecessor-version":[{"id":29729,"href":"https:\/\/costasur.com.do\/en\/wp-json\/wp\/v2\/posts\/29686\/revisions\/29729"}],"wp:featuredmedia":[{"embeddable":true,"href":"https:\/\/costasur.com.do\/en\/wp-json\/wp\/v2\/media\/29728"}],"wp:attachment":[{"href":"https:\/\/costasur.com.do\/en\/wp-json\/wp\/v2\/media?parent=29686"}],"wp:term":[{"taxonomy":"category","embeddable":true,"href":"https:\/\/costasur.com.do\/en\/wp-json\/wp\/v2\/categories?post=29686"},{"taxonomy":"post_tag","embeddable":true,"href":"https:\/\/costasur.com.do\/en\/wp-json\/wp\/v2\/tags?post=29686"}],"curies":[{"name":"wp","href":"https:\/\/api.w.org\/{rel}","templated":true}]}}